{"id":444,"date":"2022-09-04T20:30:13","date_gmt":"2022-09-04T18:30:13","guid":{"rendered":"https:\/\/lyon.wordcamp.org\/2022\/?p=444"},"modified":"2022-09-04T21:53:02","modified_gmt":"2022-09-04T19:53:02","slug":"pourquoi-venir-au-wordcamp-lyon","status":"publish","type":"post","link":"https:\/\/lyon.wordcamp.org\/2022\/pourquoi-venir-au-wordcamp-lyon\/","title":{"rendered":"Pourquoi venir au WordCamp Lyon ?"},"content":{"rendered":"\n<p class=\"wp-block-paragraph\">Le <strong>28 octobre prochain<\/strong>, aura lieu \u00e0 Lyon le prochain WordCamp Lyon. <\/p>\n\n\n\n<p class=\"wp-block-paragraph\">Apr\u00e8s deux ann\u00e9es sans WordCamp en France, l\u2019\u00e9quipe organisatrice reprend du service en accueillant pr\u00e8s de 300 personnes pour une journ\u00e9e enti\u00e8re d\u00e9di\u00e9e \u00e0 WordPress. <br><br>Le WordCamp, c&rsquo;est l&rsquo;occasion de l\u2019ann\u00e9e d\u2019\u00e9changer avec les experts techniques venus de France et d\u2019Europe. Alors avec tous les \u00e9v\u00e9nements organis\u00e9s autour du Web,  pourquoi venir au WordCamp\u00a0?<\/p>\n\n\n\n<h2 class=\"wp-block-heading\">Le seul \u00e9v\u00e8nement autour de WordPress<\/h2>\n\n\n\n<p class=\"wp-block-paragraph\">Le WordCamp est la seule occasion de l\u2019ann\u00e9e d\u2019assister \u00e0 des conf\u00e9rences d\u00e9di\u00e9es exclusivement \u00e0 WordPress en France.<\/p>\n\n\n\n<p class=\"wp-block-paragraph\">C\u2019est une journ\u00e9e compl\u00e8te de conf\u00e9rences et ateliers men\u00e9s par des experts de WordPress bien s\u00fbr mais aussi en PHP, JavaScript et technologies back et front-end (HTML, CSS).<\/p>\n\n\n\n<p class=\"wp-block-paragraph\">Vous rencontrerez \u00e9galement des cr\u00e9ateurs de produits (th\u00e8mes, plugins, services), des h\u00e9bergeurs sp\u00e9cialis\u00e9s, des agences et des ESN ainsi que de nombreux freelances.<\/p>\n\n\n\n<p class=\"wp-block-paragraph\">Des sujets des plus grands publics aux plus techniques, nous pr\u00e9voyons des conf\u00e9rences pour tous les go\u00fbts.<\/p>\n\n\n\n<p class=\"wp-block-paragraph\"><strong>Si WordPress est votre quotidien professionnel et que vous ne pouviez choisir qu\u2019un seul \u00e9v\u00e9nement, c\u2019est au WordCamp Lyon que vous devez venir&nbsp;!<\/strong><\/p>\n\n\n\n<p class=\"wp-block-paragraph\"><\/p>\n\n\n\n<div class=\"wp-block-media-text alignfull is-stacked-on-mobile\"><figure class=\"wp-block-media-text__media\"><img loading=\"lazy\" decoding=\"async\" width=\"799\" height=\"533\" src=\"https:\/\/lyon.wordcamp.org\/2022\/files\/2022\/08\/32930740407_b35831d7d4_c.jpg\" alt=\"\" class=\"wp-image-353 size-full\" srcset=\"https:\/\/lyon.wordcamp.org\/2022\/files\/2022\/08\/32930740407_b35831d7d4_c.jpg 799w, https:\/\/lyon.wordcamp.org\/2022\/files\/2022\/08\/32930740407_b35831d7d4_c-600x400.jpg 600w, https:\/\/lyon.wordcamp.org\/2022\/files\/2022\/08\/32930740407_b35831d7d4_c-300x200.jpg 300w, https:\/\/lyon.wordcamp.org\/2022\/files\/2022\/08\/32930740407_b35831d7d4_c-768x512.jpg 768w, https:\/\/lyon.wordcamp.org\/2022\/files\/2022\/08\/32930740407_b35831d7d4_c-450x300.jpg 450w\" sizes=\"auto, (max-width: 799px) 100vw, 799px\" \/><\/figure><div class=\"wp-block-media-text__content\">\n<h2 class=\"wp-block-heading\">Il s\u2019y passe quoi&nbsp;?<\/h2>\n\n\n\n<p class=\"wp-block-paragraph\">Si c\u2019est la premi\u00e8re fois que vous assister au WordCamp, voici un r\u00e9capitulatif de ce qui vous attend&nbsp;:<\/p>\n\n\n\n<ul class=\"wp-block-list\"><li><strong>deux salles de conf\u00e9rences<\/strong>&nbsp;toute la journ\u00e9e avec des dizaines d\u2019intervenants de qualit\u00e9 sur deux niveaux d\u00e9butant et avanc\u00e9<\/li><li>\u00e0 un&nbsp;<strong>espace Sponsors,&nbsp;<\/strong>pour d\u00e9couvrir et \u00e9changer avec les acteurs de la communaut\u00e9 WordPress,<\/li><li>\u00e0 un&nbsp;<strong>espace&nbsp;Communautaire<\/strong>, pour partager et \u00e9changer avec les experts WordPress et les associations locales,<\/li><li>\u00e0 un&nbsp;<strong>espace Networking<\/strong>,&nbsp; pour des rencontres avec des recruteurs, et les orateurs,<\/li><li>\u00e0&nbsp;<strong>un d\u00e9jeuner le midi, caf\u00e9s et viennoiseries<\/strong>&nbsp;durant la journ\u00e9e,<\/li><li>\u00e0 des<strong>&nbsp;goodies surprises,<\/strong><\/li><li>\u00e0 une&nbsp;<strong>after-party<\/strong>&nbsp;:<strong>&nbsp;&nbsp;<\/strong>en plus de la journ\u00e9e vous \u00eates convi\u00e9s \u00e0 une soir\u00e9e en petit comit\u00e9 autour d\u2019un ap\u00e9ritif dinatoire (les d\u00e9tails de la soir\u00e9e arrive tr\u00e8s vite)<\/li><\/ul>\n<\/div><\/div>\n\n\n\n<h2 class=\"wp-block-heading\">Les personnes que vous allez rencontrer<\/h2>\n\n\n\n<p class=\"wp-block-paragraph\">Des profils fran\u00e7ais et europ\u00e9ens seront pr\u00e9sents pour partager et \u00e9changer&nbsp;: des d\u00e9veloppeurs bien sur, mais aussi des directeurs d\u2019agences ou des SSII, des DA, des designers, des experts en accessibilit\u00e9, des cr\u00e9ateurs de th\u00e8mes et plugins, \u2026<\/p>\n\n\n\n<p class=\"wp-block-paragraph\"><strong>Les acteurs de la communaut\u00e9 WordPress seront pr\u00e9sents \u00e9galement dans un espace Communautaire afin de r\u00e9pondre \u00e0 toutes vos questions.<\/strong><\/p>\n\n\n\n<figure class=\"wp-block-image\"><img decoding=\"async\" src=\"https:\/\/2018.wptech.fr\/wp-content\/uploads\/2018\/01\/WPT-9-HelpingOut-1024x644.jpg\" alt=\"\" class=\"wp-image-736\" \/><\/figure>\n\n\n\n<h2 class=\"wp-block-heading\">Les opportunit\u00e9s \u00e0 saisir<\/h2>\n\n\n\n<p class=\"wp-block-paragraph\">A la recherche d\u2019un nouveau poste, envie d\u2019en savoir plus sur les possibilit\u00e9s de carri\u00e8re autour de WordPress, besoin de conseils, le WordCamp Lyon est aussi l\u2019occasion de rencontrer des recruteurs et de nombreux professionnels&nbsp;!<br><br><strong>Autour d\u2019un caf\u00e9, entre deux conf\u00e9rences, ces \u00e9changes sont parmi&nbsp;les plus riches de l\u2019\u00e9v\u00e8nement.<\/strong><\/p>\n\n\n\n<div class=\"wp-block-group alignwide has-secondary-background-color has-background is-layout-flow wp-block-group-is-layout-flow\">\n<h2 class=\"wp-block-heading\">Si je n\u2019y connais rien en WordPress ou que je d\u00e9bute<\/h2>\n\n\n\n<p class=\"wp-block-paragraph\">Nous avons tous \u00e9t\u00e9 d\u00e9butant et il existe toujours quelqu\u2019un de plus exp\u00e9riment\u00e9 que soi \ud83d\ude42<\/p>\n\n\n\n<p class=\"wp-block-paragraph\">Venir au WordCamp Lyon c\u2019est se donner la possibilit\u00e9 de monter en comp\u00e9tence, quelque soit son niveau et de baigner dans la culture WordPress pendant toute une journ\u00e9e.<br>Vous d\u00e9butez&nbsp;? Parfait nous serons ravis de vous accompagner dans vos premiers pas.<\/p>\n\n\n\n<p class=\"wp-block-paragraph\"><strong>Avec la diversit\u00e9 des conf\u00e9rences et des intervenants, vous apprendrez forc\u00e9ment&nbsp;!<br><\/strong><br><strong>N\u2019attendez plus pour prendre votre place \ud83d\ude42<\/strong><\/p>\n\n\n\n<div class=\"wp-block-buttons is-layout-flex wp-block-buttons-is-layout-flex\">\n<div class=\"wp-block-button has-custom-font-size has-medium-font-size\"><a class=\"wp-block-button__link wp-element-button\" href=\"https:\/\/lyon.wordcamp.org\/2022\/billetterie\/\">Je prends ma place<\/a><\/div>\n<\/div>\n<\/div>\n","protected":false},"excerpt":{"rendered":"<p>Le 28 octobre prochain, aura lieu \u00e0 Lyon le prochain WordCamp Lyon.<br \/>\nApr\u00e8s deux ann\u00e9es sans WordCamp en France, l\u2019\u00e9quipe organisatrice reprend du service en accueillant plus de 300 personnes pour une journ\u00e9e enti\u00e8re d\u00e9di\u00e9e \u00e0 WordPress. <\/p>\n","protected":false},"author":11552840,"featured_media":445,"comment_status":"open","ping_status":"open","sticky":false,"template":"","format":"standard","meta":{"_crdt_document":"","jetpack_post_was_ever_published":false,"_jetpack_newsletter_access":"","_jetpack_dont_email_post_to_subs":false,"_jetpack_newsletter_tier_id":0,"_jetpack_memberships_contains_paywalled_content":false,"_jetpack_memberships_contains_paid_content":false,"footnotes":""},"categories":[1079854],"tags":[],"class_list":["post-444","post","type-post","status-publish","format-standard","has-post-thumbnail","hentry","category-actualites"],"jetpack_featured_media_url":"https:\/\/lyon.wordcamp.org\/2022\/files\/2022\/08\/47823921472_b57d34d534_c.jpg","jetpack_sharing_enabled":true,"_links":{"self":[{"href":"https:\/\/lyon.wordcamp.org\/2022\/wp-json\/wp\/v2\/posts\/444","targetHints":{"allow":["GET"]}}],"collection":[{"href":"https:\/\/lyon.wordcamp.org\/2022\/wp-json\/wp\/v2\/posts"}],"about":[{"href":"https:\/\/lyon.wordcamp.org\/2022\/wp-json\/wp\/v2\/types\/post"}],"author":[{"embeddable":true,"href":"https:\/\/lyon.wordcamp.org\/2022\/wp-json\/wp\/v2\/users\/11552840"}],"replies":[{"embeddable":true,"href":"https:\/\/lyon.wordcamp.org\/2022\/wp-json\/wp\/v2\/comments?post=444"}],"version-history":[{"count":11,"href":"https:\/\/lyon.wordcamp.org\/2022\/wp-json\/wp\/v2\/posts\/444\/revisions"}],"predecessor-version":[{"id":584,"href":"https:\/\/lyon.wordcamp.org\/2022\/wp-json\/wp\/v2\/posts\/444\/revisions\/584"}],"wp:featuredmedia":[{"embeddable":true,"href":"https:\/\/lyon.wordcamp.org\/2022\/wp-json\/wp\/v2\/media\/445"}],"wp:attachment":[{"href":"https:\/\/lyon.wordcamp.org\/2022\/wp-json\/wp\/v2\/media?parent=444"}],"wp:term":[{"taxonomy":"category","embeddable":true,"href":"https:\/\/lyon.wordcamp.org\/2022\/wp-json\/wp\/v2\/categories?post=444"},{"taxonomy":"post_tag","embeddable":true,"href":"https:\/\/lyon.wordcamp.org\/2022\/wp-json\/wp\/v2\/tags?post=444"}],"curies":[{"name":"wp","href":"https:\/\/api.w.org\/{rel}","templated":true}]}}